{"id":3594,"date":"2025-11-14T13:01:20","date_gmt":"2025-11-14T11:01:20","guid":{"rendered":"https:\/\/auditor.auditorscensors.com\/?p=3594"},"modified":"2025-11-14T13:32:21","modified_gmt":"2025-11-14T11:32:21","slug":"nou-pla-de-comptabilitat-publica-de-la-generalitat-de-catalunya-regulat-en-lordre-ecf-119-2025","status":"publish","type":"post","link":"https:\/\/auditor.auditorscensors.com\/es\/nou-pla-de-comptabilitat-publica-de-la-generalitat-de-catalunya-regulat-en-lordre-ecf-119-2025\/","title":{"rendered":"Nou pla de comptabilitat p\u00fablica de la Generalitat de Catalunya regulat en l\u2019ordre ECF\/119\/2025"},"content":{"rendered":"<p style=\"font-weight: 400;\">En data 22 de juliol es va aprovar Ordre ECF\/119\/2025, de 4 de juliol, per la qual s&#8217;aprova el Pla de comptabilitat p\u00fablica de la Generalitat de Catalunya. En realitat es tracta d\u2019una actualitzaci\u00f3 del Pla vigent del 2017, i no representa un canvi gaire substancial en un sentit pr\u00e0ctic, ja que bona part de les novetats introdu\u00efdes ja estaven sent aplicades a traves d\u2019instruccions i altra normativa d\u2019aplicaci\u00f3 en mat\u00e8ria comptable.<\/p>\n<p style=\"font-weight: 400;\">El nou Pla respon a la necessitat d\u2019actualitzar alguns aspectes identificats des de la seva aplicaci\u00f3 el 2018, especialment en mat\u00e8ria de comptabilitat de subvencions, transfer\u00e8ncies i en consolidaci\u00f3 de comptes, com tamb\u00e9 aprofitar per incorporar les novetats introdu\u00efdes en el Pla estatal des de 2017. Entre els canvis m\u00e9s destacats s\u2019inclouen:<\/p>\n<ol style=\"font-weight: 400;\">\n<li>Actualitzaci\u00f3 de la comptabilitzaci\u00f3 de subvencions i transfer\u00e8ncies:<br \/>\nS\u2019han incorporat les normes espec\u00edfiques regulades per la Instrucci\u00f3 4\/2024, que estableixen criteris clars per al registre comptable d\u2019aquestes operacions. Aix\u00f2 permetr\u00e0 una gesti\u00f3 m\u00e9s precisa i homog\u00e8nia.<\/li>\n<li>Nova informaci\u00f3 sobre operacions amb entitats del per\u00edmetre de consolidaci\u00f3:<br \/>\nLa nota 27 dels comptes anuals inclou detalls sobre les operacions i saldos amb entitats del sector p\u00fablic catal\u00e0, millorant aix\u00ed la transpar\u00e8ncia financera.<\/li>\n<li>Adaptaci\u00f3 dels acords de concessi\u00f3 de serveis p\u00fablics: S\u2019ha incorporat una norma espec\u00edfica per al tractament comptable dels actius utilitzats en concessions, alineada amb la Norma Internacional de Comptabilitat del Sector P\u00fablic(IPSAS n\u00fam. 32.<\/li>\n<li>Gesti\u00f3 dels b\u00e9ns del patrimoni hist\u00f2ric: Es regulen les normes per al registre i valoraci\u00f3 dels b\u00e9ns materials del patrimoni hist\u00f2ric, prenent com a refer\u00e8ncia la normativa estatal vigent<\/li>\n<\/ol>\n<p style=\"font-weight: 400;\">Les novetats m\u00e9s significatives en relaci\u00f3 a les normes de reconeixement i valoraci\u00f3 s\u00f3n les seg\u00fcents:<\/p>\n<ul style=\"font-weight: 400;\">\n<li>Nova norma de reconeixement i valoraci\u00f3 (NRV) 21a: regula el tractament comptable dels acords de concessi\u00f3 de serveis p\u00fablics per a l\u2019entitat concedent (seguint la IPSAS n\u00fam.32).<\/li>\n<li>Nova NRV 22a, operacions de les administracions urban\u00edstiques, per aquelles entitats que tenen la naturalesa d\u2019administracions actuants en el desenvolupament urban\u00edstic i exclusivament per les operacions que se\u2019n derivin d\u2019aquesta condici\u00f3.<\/li>\n<li>Modificaci\u00f3 de la NRV 18a. Incorpora les regles de subvencions, transfer\u00e8ncies i aportacions establertes per la Intervenci\u00f3 General a la Instrucci\u00f3 4\/2024.<\/li>\n<li>Incorporaci\u00f3 del concepte de \u201ccost de reposici\u00f3 depreciat\u201d per al c\u00e0lcul del valor en \u00fas i del deteriorament d\u2019actius amb potencial de servei i tamb\u00e9 com a t\u00e8cnica de valoraci\u00f3 per determinar el valor raonable en abs\u00e8ncia de mercat actiu.<\/li>\n<li>Nova regulaci\u00f3 del tractament comptable de les transfer\u00e8ncies en esp\u00e8cie que s\u2019assimilen a subvencions no reintegrables.<\/li>\n<li>Incorporaci\u00f3 de les NRV dels b\u00e9ns del patrimoni hist\u00f2ric material, seguint la Resoluci\u00f3 estatal de 22\/02\/2016.<\/li>\n<\/ul>\n<p style=\"font-weight: 400;\">Els canvis m\u00e9s significatius en el contingut de la mem\u00f2ria dels comptes anuals s\u00f3n els seg\u00fcents:<\/p>\n<ul style=\"font-weight: 400;\">\n<li>Nova nota 27: Inclou informaci\u00f3 sobre operacions i saldos amb entitats del per\u00edmetre de consolidaci\u00f3 de la Generalitat.<\/li>\n<li>Modificaci\u00f3 de la nota 21: S\u2019actualitza la informaci\u00f3 sobre contractaci\u00f3 administrativa segons els nous procediments.<\/li>\n<li>Modificaci\u00f3 dels indicadors de la nota 24:\n<ul>\n<li>El \u201cper\u00edode mitj\u00e0 de pagament\u201d passa a denominar-se \u201ctermini de realitzaci\u00f3 de pagaments\u201d.<\/li>\n<li>El \u201cper\u00edode mitj\u00e0 de cobrament\u201d passa a denominar-se \u201ctermini de realitzaci\u00f3 de cobraments\u201d.<\/li>\n<\/ul>\n<\/li>\n<\/ul>\n<p style=\"font-weight: 400;\">Altres novetats rellevants s\u00f3n les seg\u00fcents:<\/p>\n<ul style=\"font-weight: 400;\">\n<li>Es crea un registre de cessions de cr\u00e8dits dins del sistema GECAT (article 23.3 modificat).<\/li>\n<li>Es crea un registre comptable d\u2019altres despeses (compte 413), per registrar despeses no suportades amb factura (subvencions, sent\u00e8ncies, interessos, tributs, dietes, etc.).<\/li>\n<li>Es reforcen els sistemes corporatius d\u2019informaci\u00f3 comptable:\n<ul>\n<li>GECAT, PANGEA i AGERA s\u2019estableixen com a sistemes oficials.<\/li>\n<\/ul>\n<\/li>\n<\/ul>\n<ul>\n<li>Es preveu la creaci\u00f3 d\u2019un sistema corporatiu de costos per als serveis p\u00fablics.<\/li>\n<\/ul>\n<ul style=\"font-weight: 400;\">\n<li>Es preveu la integraci\u00f3 de l\u2019inventari de b\u00e9ns i drets dins els sistemes corporatius comptables.<\/li>\n<li>Pel que fa al seguiment pressupostari de les entitats no administratives es preveu que han de disposar d\u2019unes bases d\u2019execuci\u00f3 pressupost\u00e0ria pr\u00f2pies per a cada exercici i en concreta el seu contingut m\u00ednim (nivells de vinculaci\u00f3, modificacions de cr\u00e8dit, procediment d\u2019execuci\u00f3, etc.), i s\u2019amplia l\u2019\u00e0mbit de seguiment pressupostari (article 3.3) a les fundacions adscrites a l\u2019Administraci\u00f3 de la Generalitat.<\/li>\n<li>Es deroguen ordres antigues relacionades amb control financer i control posterior (ECF\/157\/2008, ECF\/132\/2008, ECF\/173\/2006, ECF\/203\/2010).<\/li>\n<li>Es modifica l\u2019Ordre VEH\/6\/2019 per adaptar-la al nou sistema d\u2019informaci\u00f3 i consolidaci\u00f3 comptable.<\/li>\n<\/ul>\n<p style=\"font-weight: 400;\">El Pla entra en vigor l\u20191 de gener de 2026, si b\u00e9 en compliment del previst en l\u2019article 16 de l\u2019Ordre ECF\/174\/2025, de 13 d&#8217;octubre, sobre operacions comptables de tancament de l&#8217;exercici pressupostari del 2025 i d&#8217;obertura de l&#8217;exercici pressupostari del 2026, les entitats del sector p\u00fablic subjectes a aquest Pla han d&#8217;incorporar ja en 2025 a la mem\u00f2ria dels comptes anuals la nota 27 per informar dels saldos i operacions comptables amb la resta d&#8217;entitats del per\u00edmetre de consolidaci\u00f3 de la Generalitat. Per la seva banda, les entitats del sector p\u00fablic de la Generalitat no subjectes al Pla general de comptabilitat p\u00fablica hauran d&#8217;adaptar tamb\u00e9 els seus comptes anuals de 2025 a les novetats introdu\u00efdes en els articles 29 i 30 de l&#8217;Ordre VEH\/6\/2019, de 15 de gener, de comptabilitat de la Generalitat de Catalunya, regulades en la disposici\u00f3 final primera de l&#8217;Ordre ECF\/119\/2025.<\/p>\n<p style=\"font-weight: 400;\">Finalment s\u2019incorpora en aquest article una <strong>taula comparativa resumida<\/strong> entre l\u2019<strong>Ordre VEH\/137\/2017<\/strong> i l\u2019<strong>Ordre ECF\/119\/2025<\/strong>, agrupada per blocs tem\u00e0tics per tal de facilitar les novetats<strong>, modificacions i supressions<\/strong> introdu\u00efdes en la versi\u00f3 2025.<\/p>\n<table style=\"border-collapse: collapse; width: 100%; font-weight: 400; table-layout: auto;\">\n<thead>\n<tr style=\"background-color: #d3d3d3; font-weight: bold; text-align: center;\">\n<th style=\"border: 1px solid #000; padding: 8px;\">\u00c0mbit \/ Bloc<\/th>\n<th style=\"border: 1px solid #000; padding: 8px;\">Ordre VEH\/137\/2017 (vigent fins 2025)<\/th>\n<th style=\"border: 1px solid #000; padding: 8px;\">Ordre ECF\/119\/2025 (nou PGCPGC)<\/th>\n<th style=\"border: 1px solid #000; padding: 8px;\">Canvi \/ Novetat principal<\/th>\n<\/tr>\n<\/thead>\n<tbody>\n<tr>\n<td style=\"border: 1px solid #000; padding: 8px;\">Objecte i finalitat<\/td>\n<td style=\"border: 1px solid #000; padding: 8px;\">Aprova el <em>Pla general de comptabilitat p\u00fablica de la Generalitat de Catalunya (PGCPGC)<\/em> basat en l\u2019Ordre EHA\/1037\/2010 i les NIC-SP.<\/td>\n<td style=\"border: 1px solid #000; padding: 8px;\">Aprova un nou PGCPGC 2025, que actualitza el de 2017.<\/td>\n<td style=\"border: 1px solid #000; padding: 8px;\">Renovaci\u00f3 integral del pla per adaptar-lo a noves normes i pr\u00e0ctiques.<\/td>\n<\/tr>\n<tr>\n<td style=\"border: 1px solid #000; padding: 8px;\">Motivaci\u00f3<\/td>\n<td style=\"border: 1px solid #000; padding: 8px;\">Adaptaci\u00f3 a les NIC-SP i al pla estatal de 2010.<\/td>\n<td style=\"border: 1px solid #000; padding: 8px;\">Necessitat d\u2019actualitzar per experi\u00e8ncia acumulada i canvis normatius (Instrucci\u00f3 4\/2024, IPSAS 32, Llei 39\/2015, Llei 19\/2014).<\/td>\n<td style=\"border: 1px solid #000; padding: 8px;\">Enfoc m\u00e9s pr\u00e0ctic i d\u2019harmonitzaci\u00f3 tecnol\u00f2gica.<\/td>\n<\/tr>\n<tr>\n<td style=\"border: 1px solid #000; padding: 8px;\">Estructura de l\u2019ordre<\/td>\n<td style=\"border: 1px solid #000; padding: 8px;\">5 articles + 3 disposicions addicionals + 5 transit\u00f2ries + derogat\u00f2ria + final.<\/td>\n<td style=\"border: 1px solid #000; padding: 8px;\">5 articles + 1 derogat\u00f2ria + 2 finals.<\/td>\n<td style=\"border: 1px solid #000; padding: 8px;\">Simplificaci\u00f3 i integraci\u00f3 normativa.<\/td>\n<\/tr>\n<tr>\n<td style=\"border: 1px solid #000; padding: 8px;\">Article 1 \u2013 Aprovaci\u00f3 del PGCPGC<\/td>\n<td style=\"border: 1px solid #000; padding: 8px;\">Aprovaci\u00f3 del PGCPGC 2017.<\/td>\n<td style=\"border: 1px solid #000; padding: 8px;\">Aprovaci\u00f3 del PGCPGC 2025.<\/td>\n<td style=\"border: 1px solid #000; padding: 8px;\">Cap canvi estructural, per\u00f2 s\u2019incorpora un annex completament actualitzat.<\/td>\n<\/tr>\n<tr>\n<td style=\"border: 1px solid #000; padding: 8px;\">Article 2 \u2013 Subjecci\u00f3 i obligaci\u00f3 de retre comptes<\/td>\n<td style=\"border: 1px solid #000; padding: 8px;\">Mateix redactat b\u00e0sic.<\/td>\n<td style=\"border: 1px solid #000; padding: 8px;\">Es mant\u00e9 igual, amb petits ajustos terminol\u00f2gics.<\/td>\n<td style=\"border: 1px solid #000; padding: 8px;\">Sense canvis materials.<\/td>\n<\/tr>\n<tr>\n<td style=\"border: 1px solid #000; padding: 8px;\">Article 3 \u2013 Plans comptables aplicables<\/td>\n<td style=\"border: 1px solid #000; padding: 8px;\">Defineix 9 tipologies d\u2019entitats i els plans aplicables.<\/td>\n<td style=\"border: 1px solid #000; padding: 8px;\">Mant\u00e9 l\u2019estructura, per\u00f2 afegeix les fundacions adscrites a l\u2019obligaci\u00f3 de seguiment pressupostari (apartat 3.3).<\/td>\n<td style=\"border: 1px solid #000; padding: 8px;\">Afegeix m\u00e9s entitats al control pressupostari.<\/td>\n<\/tr>\n<tr>\n<td style=\"border: 1px solid #000; padding: 8px;\">Article 4 \u2013 Compte general de la Generalitat<\/td>\n<td style=\"border: 1px solid #000; padding: 8px;\">Defineix el contingut i la informaci\u00f3 a incloure.<\/td>\n<td style=\"border: 1px solid #000; padding: 8px;\">Es mant\u00e9 amb petites modificacions de redacci\u00f3 i inclusi\u00f3 de <em>entitats comptables<\/em>.<\/td>\n<td style=\"border: 1px solid #000; padding: 8px;\">Ajustos t\u00e8cnics i harmonitzaci\u00f3 terminol\u00f2gica.<\/td>\n<\/tr>\n<tr>\n<td style=\"border: 1px solid #000; padding: 8px;\">Article 5 \u2013 Informaci\u00f3 pressupost\u00e0ria de les entitats no sotmeses al PGCPGC<\/td>\n<td style=\"border: 1px solid #000; padding: 8px;\">Detalla la informaci\u00f3 a presentar i l\u2019informe d\u2019obligacions.<\/td>\n<td style=\"border: 1px solid #000; padding: 8px;\">Mant\u00e9 l\u2019estructura per\u00f2 actualitza refer\u00e8ncies i clarifica criteris de meritaci\u00f3 i plans de reequilibri.<\/td>\n<td style=\"border: 1px solid #000; padding: 8px;\">Redacci\u00f3 m\u00e9s clara i coherent.<\/td>\n<\/tr>\n<tr>\n<td style=\"border: 1px solid #000; padding: 8px;\">Derogacions<\/td>\n<td style=\"border: 1px solid #000; padding: 8px;\">No deroga ordres anteriors espec\u00edfiques.<\/td>\n<td style=\"border: 1px solid #000; padding: 8px;\">Deroga:\u2013 Ordre VEH\/137\/2017 (PGCPGC 2017)\u2013 Ordres ECF\/157\/2008, 132\/2008, 173\/2006 i 203\/2010.<\/td>\n<td style=\"border: 1px solid #000; padding: 8px;\">Derogaci\u00f3 expl\u00edcita i neteja normativa.<\/td>\n<\/tr>\n<tr>\n<td style=\"border: 1px solid #000; padding: 8px;\">Disposicions finals<\/td>\n<td style=\"border: 1px solid #000; padding: 8px;\">1 final general.<\/td>\n<td style=\"border: 1px solid #000; padding: 8px;\">2 finals: \u2013 Modifica Ordre VEH\/6\/2019 (comptabilitat Generalitat).\u2013 Estableix entrada en vigor (1\/01\/2026).<\/td>\n<td style=\"border: 1px solid #000; padding: 8px;\">Noves disposicions finals amb contingut ampli.<\/td>\n<\/tr>\n<tr>\n<td style=\"border: 1px solid #000; padding: 8px;\">Nova NRV 21a<\/td>\n<td style=\"border: 1px solid #000; padding: 8px;\">No existia.<\/td>\n<td style=\"border: 1px solid #000; padding: 8px;\">Nova <em>Norma de Reconeixement i Valoraci\u00f3 21a<\/em>: acords de concessi\u00f3 de serveis p\u00fablics (seguint IPSAS 32).<\/td>\n<td style=\"border: 1px solid #000; padding: 8px;\">Gran novetat conceptual i t\u00e8cnica.<\/td>\n<\/tr>\n<tr>\n<td style=\"border: 1px solid #000; padding: 8px;\">Modificaci\u00f3 NRV 18a<\/td>\n<td style=\"border: 1px solid #000; padding: 8px;\">Regula transfer\u00e8ncies i subvencions amb criteris generals.<\/td>\n<td style=\"border: 1px solid #000; padding: 8px;\">Incorpora Instrucci\u00f3 4\/2024: nous criteris per a subvencions, transfer\u00e8ncies i aportacions corrents\/capital.<\/td>\n<td style=\"border: 1px solid #000; padding: 8px;\">Actualitzaci\u00f3 normativa i pr\u00e0ctica.<\/td>\n<\/tr>\n<tr>\n<td style=\"border: 1px solid #000; padding: 8px;\">Nova definici\u00f3 \u201ccost de reposici\u00f3 depreciat\u201d<\/td>\n<td style=\"border: 1px solid #000; padding: 8px;\">No definida.<\/td>\n<td style=\"border: 1px solid #000; padding: 8px;\">Definida per determinar valor en \u00fas i deteriorament d\u2019actius amb potencial de servei.<\/td>\n<td style=\"border: 1px solid #000; padding: 8px;\">Novetat t\u00e8cnica rellevant.<\/td>\n<\/tr>\n<tr>\n<td style=\"border: 1px solid #000; padding: 8px;\">Valoraci\u00f3 dels b\u00e9ns de patrimoni hist\u00f2ric<\/td>\n<td style=\"border: 1px solid #000; padding: 8px;\">No regulada.<\/td>\n<td style=\"border: 1px solid #000; padding: 8px;\">Inclosa segons la Resoluci\u00f3 de la IGAE (22\/02\/2016).<\/td>\n<td style=\"border: 1px solid #000; padding: 8px;\">Ampliaci\u00f3 del marc comptable.<\/td>\n<\/tr>\n<tr>\n<td style=\"border: 1px solid #000; padding: 8px;\">Tractament de transfer\u00e8ncies en esp\u00e8cie<\/td>\n<td style=\"border: 1px solid #000; padding: 8px;\">No espec\u00edfic.<\/td>\n<td style=\"border: 1px solid #000; padding: 8px;\">Es tracta com subvencions no reintegrables.<\/td>\n<td style=\"border: 1px solid #000; padding: 8px;\">Nova interpretaci\u00f3 comptable.<\/td>\n<\/tr>\n<tr>\n<td style=\"border: 1px solid #000; padding: 8px;\">Mem\u00f2ria dels comptes anuals \u2013 Nota 21<\/td>\n<td style=\"border: 1px solid #000; padding: 8px;\">Sobre contractaci\u00f3 administrativa.<\/td>\n<td style=\"border: 1px solid #000; padding: 8px;\">Actualitzada a nous procediments i classificacions de contractes.<\/td>\n<td style=\"border: 1px solid #000; padding: 8px;\">Adaptaci\u00f3 a la normativa de contractes p\u00fablica actual.<\/td>\n<\/tr>\n<tr>\n<td style=\"border: 1px solid #000; padding: 8px;\">Mem\u00f2ria \u2013 Nota 24 (indicadors)<\/td>\n<td style=\"border: 1px solid #000; padding: 8px;\">Inclo\u00efa \u201cper\u00edode mitj\u00e0 de pagament\u201d i \u201cper\u00edode mitj\u00e0 de cobrament\u201d.<\/td>\n<td style=\"border: 1px solid #000; padding: 8px;\">Canvien a \u201ctermini de realitzaci\u00f3 de pagaments\u201d i \u201ctermini de realitzaci\u00f3 de cobraments\u201d.<\/td>\n<td style=\"border: 1px solid #000; padding: 8px;\">Evita confusi\u00f3 amb els indicadors de la Llei Org\u00e0nica 2\/2012.<\/td>\n<\/tr>\n<tr>\n<td style=\"border: 1px solid #000; padding: 8px;\">Mem\u00f2ria \u2013 Nova Nota 27<\/td>\n<td style=\"border: 1px solid #000; padding: 8px;\">No existia.<\/td>\n<td style=\"border: 1px solid #000; padding: 8px;\">Nova nota: informaci\u00f3 sobre operacions i saldos amb entitats del per\u00edmetre de consolidaci\u00f3.<\/td>\n<td style=\"border: 1px solid #000; padding: 8px;\">Major transpar\u00e8ncia i control financer.<\/td>\n<\/tr>\n<tr>\n<td style=\"border: 1px solid #000; padding: 8px;\">Sistemes corporatius comptables<\/td>\n<td style=\"border: 1px solid #000; padding: 8px;\">Es menciona el sistema corporatiu general.<\/td>\n<td style=\"border: 1px solid #000; padding: 8px;\">Es defineixen oficialment: GECAT, PANGEA i AGERA, i s\u2019anuncia un sistema de costos.<\/td>\n<td style=\"border: 1px solid #000; padding: 8px;\">Integraci\u00f3 digital i modernitzaci\u00f3.<\/td>\n<\/tr>\n<tr>\n<td style=\"border: 1px solid #000; padding: 8px;\">Nou Registre de cessions de cr\u00e8dits<\/td>\n<td style=\"border: 1px solid #000; padding: 8px;\">No existia.<\/td>\n<td style=\"border: 1px solid #000; padding: 8px;\">Es crea dins GECAT, obligatori per a cessions de drets de cr\u00e8dit.<\/td>\n<td style=\"border: 1px solid #000; padding: 8px;\">Control financer i tra\u00e7abilitat millorada.<\/td>\n<\/tr>\n<tr>\n<td style=\"border: 1px solid #000; padding: 8px;\">Nou Registre comptable d\u2019altres despeses<\/td>\n<td style=\"border: 1px solid #000; padding: 8px;\">No existia.<\/td>\n<td style=\"border: 1px solid #000; padding: 8px;\">Nou registre per despeses no facturades (subvencions, sent\u00e8ncies, tributs, dietes\u2026).<\/td>\n<td style=\"border: 1px solid #000; padding: 8px;\">Millor control de despeses no ordin\u00e0ries.<\/td>\n<\/tr>\n<tr>\n<td style=\"border: 1px solid #000; padding: 8px;\">Integraci\u00f3 de l\u2019inventari de b\u00e9ns i drets<\/td>\n<td style=\"border: 1px solid #000; padding: 8px;\">No previst expl\u00edcitament.<\/td>\n<td style=\"border: 1px solid #000; padding: 8px;\">La Intervenci\u00f3 General l\u2019integrar\u00e0 dins els sistemes corporatius.<\/td>\n<td style=\"border: 1px solid #000; padding: 8px;\">Coordinaci\u00f3 amb el patrimoni p\u00fablic.<\/td>\n<\/tr>\n<tr>\n<td style=\"border: 1px solid #000; padding: 8px;\">Seguiment pressupostari d\u2019entitats no administratives<\/td>\n<td style=\"border: 1px solid #000; padding: 8px;\">No concretat.<\/td>\n<td style=\"border: 1px solid #000; padding: 8px;\">Nova disposici\u00f3 addicional amb bases d\u2019execuci\u00f3 pressupost\u00e0ria pr\u00f2pies per cada entitat.<\/td>\n<td style=\"border: 1px solid #000; padding: 8px;\">Refor\u00e7a el control pressupostari descentralitzat.<\/td>\n<\/tr>\n<tr>\n<td style=\"border: 1px solid #000; padding: 8px;\">Entrada en vigor<\/td>\n<td style=\"border: 1px solid #000; padding: 8px;\">2017.<\/td>\n<td style=\"border: 1px solid #000; padding: 8px;\">1 de gener de 2026.<\/td>\n<td style=\"border: 1px solid #000; padding: 8px;\">Nova aplicaci\u00f3 per a l\u2019exercici 2026.<\/td>\n<\/tr>\n<\/tbody>\n<\/table>\n","protected":false},"excerpt":{"rendered":"<p>En data 22 de juliol es va aprovar Ordre ECF\/119\/2025, de 4 de juliol, per la [&hellip;]<\/p>\n","protected":false},"author":2,"featured_media":3597,"comment_status":"open","ping_status":"open","sticky":false,"template":"","format":"standard","meta":{"advgb_blocks_editor_width":"","advgb_blocks_columns_visual_guide":"","_editorskit_title_hidden":false,"_editorskit_reading_time":0,"_editorskit_typography_data":[],"_editorskit_blocks_typography":"","_editorskit_is_block_options_detached":false,"_editorskit_block_options_position":"{}"},"categories":[56],"tags":[],"tipo":[13],"autor":[278],"author_meta":{"display_name":"ncasado","author_link":"https:\/\/auditor.auditorscensors.com\/es\/author\/ncasado\/"},"featured_img":"https:\/\/auditor.auditorscensors.com\/wp-content\/uploads\/2025\/11\/Nou-Pla-Comptable-Sector-Public.jpg","coauthors":[],"tax_additional":{"categories":{"linked":["<a href=\"https:\/\/auditor.auditorscensors.com\/es\/category\/sector-public\/\" class=\"advgb-post-tax-term\">Sector P\u00fablic<\/a>"],"unlinked":["<span class=\"advgb-post-tax-term\">Sector P\u00fablic<\/span>"]}},"comment_count":"0","relative_dates":{"created":"Publicado 6 meses hace","modified":"Actualizado 6 meses hace"},"absolute_dates":{"created":"Publicado el 14 de noviembre de 2025","modified":"Actualizado el 14 de noviembre de 2025"},"absolute_dates_time":{"created":"Publicado el 14 de noviembre de 2025 13:01","modified":"Actualizado el 14 de noviembre de 2025 13:32"},"featured_img_caption":"","_links":{"self":[{"href":"https:\/\/auditor.auditorscensors.com\/es\/wp-json\/wp\/v2\/posts\/3594"}],"collection":[{"href":"https:\/\/auditor.auditorscensors.com\/es\/wp-json\/wp\/v2\/posts"}],"about":[{"href":"https:\/\/auditor.auditorscensors.com\/es\/wp-json\/wp\/v2\/types\/post"}],"author":[{"embeddable":true,"href":"https:\/\/auditor.auditorscensors.com\/es\/wp-json\/wp\/v2\/users\/2"}],"replies":[{"embeddable":true,"href":"https:\/\/auditor.auditorscensors.com\/es\/wp-json\/wp\/v2\/comments?post=3594"}],"version-history":[{"count":4,"href":"https:\/\/auditor.auditorscensors.com\/es\/wp-json\/wp\/v2\/posts\/3594\/revisions"}],"predecessor-version":[{"id":3601,"href":"https:\/\/auditor.auditorscensors.com\/es\/wp-json\/wp\/v2\/posts\/3594\/revisions\/3601"}],"wp:featuredmedia":[{"embeddable":true,"href":"https:\/\/auditor.auditorscensors.com\/es\/wp-json\/wp\/v2\/media\/3597"}],"wp:attachment":[{"href":"https:\/\/auditor.auditorscensors.com\/es\/wp-json\/wp\/v2\/media?parent=3594"}],"wp:term":[{"taxonomy":"category","embeddable":true,"href":"https:\/\/auditor.auditorscensors.com\/es\/wp-json\/wp\/v2\/categories?post=3594"},{"taxonomy":"post_tag","embeddable":true,"href":"https:\/\/auditor.auditorscensors.com\/es\/wp-json\/wp\/v2\/tags?post=3594"},{"taxonomy":"tipo","embeddable":true,"href":"https:\/\/auditor.auditorscensors.com\/es\/wp-json\/wp\/v2\/tipo?post=3594"},{"taxonomy":"autor","embeddable":true,"href":"https:\/\/auditor.auditorscensors.com\/es\/wp-json\/wp\/v2\/autor?post=3594"}],"curies":[{"name":"wp","href":"https:\/\/api.w.org\/{rel}","templated":true}]}}