{"id":3322,"date":"2025-02-11T19:59:40","date_gmt":"2025-02-11T17:59:40","guid":{"rendered":"https:\/\/auditor.auditorscensors.com\/reunio-amb-el-departament-digualtat-i-feminisme-compromis-compartit-per-lequitat\/"},"modified":"2025-02-11T20:00:05","modified_gmt":"2025-02-11T18:00:05","slug":"reunio-amb-el-departament-digualtat-i-feminisme-compromis-compartit-per-lequitat","status":"publish","type":"post","link":"https:\/\/auditor.auditorscensors.com\/es\/reunio-amb-el-departament-digualtat-i-feminisme-compromis-compartit-per-lequitat\/","title":{"rendered":"Reuni\u00f3 amb el Departament d\u2019Igualtat i Feminisme: comprom\u00eds compartit per l\u2019equitat"},"content":{"rendered":"<p style=\"font-weight: 400;\">Recentment, una representaci\u00f3 del <strong>Col\u00b7legi de Censors Jurats de Comptes de Catalunya<\/strong> vam tenir l\u2019oportunitat de reunir-nos amb el Departament d\u2019Igualtat i Feminisme per compartir les iniciatives i accions que estem impulsant en mat\u00e8ria d\u2019equitat dins del sector de l\u2019auditoria i la comptabilitat.<\/p>\n<p style=\"font-weight: 400;\">A la trobada hi v\u00e0rem assistir el <strong>president del Col\u00b7legi, el director general, una representant del Consell Directiu i jo mateixa, com a presidenta de la Comissi\u00f3 d\u2019Equitat<\/strong>. Durant la reuni\u00f3, vam presentar i debatre les accions clau desenvolupades per la <strong>Comissi\u00f3 d\u2019Equitat del Col\u00b7legi<\/strong>, que inclouen:<\/p>\n<ul style=\"font-weight: 400;\">\n<li><strong>L\u2019elaboraci\u00f3 del Dec\u00e0leg d\u2019equitat i de bones pr\u00e0ctiques<\/strong>, aix\u00ed com la guia de llenguatge inclusiu.<\/li>\n<li><strong>L\u2019adhesi\u00f3 de firmes al dec\u00e0leg<\/strong> com a pas cap a una pr\u00e0ctica m\u00e9s equitativa en el sector.<\/li>\n<li><strong>La mentoritzaci\u00f3 de dones amb el programa Camin@<\/strong>, dissenyat per fomentar el lideratge femen\u00ed.<\/li>\n<li><strong>La celebraci\u00f3 d\u2019accions <\/strong>en dates clau com el 8M, per posar en relleu el paper de les dones auditores.<\/li>\n<li><strong>Reunions amb altres institucions<\/strong>, com el Col\u00b7legi de l\u2019Advocacia de Barcelona (ICAB) i el Col\u00b7legi d\u2019Economistes, per compartir bones pr\u00e0ctiques i experi\u00e8ncies.<\/li>\n<li><strong>La participaci\u00f3 en esdeveniments i formaci\u00f3<\/strong> en l\u2019\u00e0mbit de l\u2019equitat, vinculada als Objectius de Desenvolupament Sostenible (ODS), en especial l\u2019ODS n\u00fam. 5.<\/li>\n<li><strong>L\u2019elaboraci\u00f3 d\u2019un estudi <\/strong>sobre la pres\u00e8ncia de les dones en el m\u00f3n de l\u2019auditoria, en col\u00b7laboraci\u00f3 amb la C\u00e0tedra Mango de la UPF.<\/li>\n<\/ul>\n<p style=\"font-weight: 400;\">Aquestes iniciatives reflecteixen el comprom\u00eds ferm del Col\u00b7legi per promoure la igualtat i <strong>convertir el nostre sector en un referent<\/strong> d\u2019inclusi\u00f3 i diversitat.<\/p>\n<p style=\"font-weight: 400;\">La reuni\u00f3 va destacar per la bona sintonia entre el Col\u00b7legi i el Departament d\u2019Igualtat i Feminisme, que es va mostrar molt receptiva a con\u00e8ixer les accions impulsades per la Comissi\u00f3 d\u2019Equitat. Durant la trobada, es van intercanviar idees i perspectives sobre com continuar avan\u00e7ant en la promoci\u00f3 de la igualtat de g\u00e8nere, amb especial \u00e8mfasi en la necessitat de col\u00b7laboraci\u00f3 entre institucions p\u00fabliques i privades. Aquesta predisposici\u00f3 per part del Departament \u00e9s un gran est\u00edmul per continuar treballant en aquesta l\u00ednia.<\/p>\n<p style=\"font-weight: 400;\">A m\u00e9s, es va destacar la import\u00e0ncia de<strong> la Directiva (UE) 2022\/2464 <\/strong>en la regulaci\u00f3 de la informaci\u00f3 no financera i la seva influ\u00e8ncia en la sostenibilitat empresarial, un \u00e0mbit que pot generar noves oportunitats per a les dones en el sector. La transposici\u00f3 d\u2019aquesta normativa obre noves perspectives en l\u2019\u00e0mbit de la transpar\u00e8ncia i responsabilitat empresarial, fomentant aix\u00ed un entorn m\u00e9s equitatiu i diversificat.<\/p>\n<p style=\"font-weight: 400;\">Tamb\u00e9 es va destacar el paper transformador de les accions concretes que estan canviant la percepci\u00f3 del lideratge femen\u00ed en sectors tradicionalment masculinitzats. La consellera va valorar molt positivament les accions liderades pel Col\u00b7legi, reafirmant el seu suport a la implementaci\u00f3 de pol\u00edtiques que ajudin a trencar barreres i a crear oportunitats reals per a les dones en llocs de responsabilitat.<\/p>\n<p style=\"font-weight: 400;\">La reuni\u00f3 amb el Departament d\u2019Igualtat i Feminisme va ser una oportunitat per refor\u00e7ar aquest comprom\u00eds i explorar noves vies de col\u00b7laboraci\u00f3 que ens permetin continuar avan\u00e7ant cap a un sector m\u00e9s just i inclusiu. Estem conven\u00e7uts que el treball conjunt amb institucions com aquesta ens ajudar\u00e0 a accelerar els canvis necessaris per garantir que la igualtat sigui una realitat per a tothom.<\/p>\n","protected":false},"excerpt":{"rendered":"<p>Recentment, una representaci\u00f3 del Col\u00b7legi de Censors Jurats de Comptes de Catalunya vam tenir l\u2019oportunitat de [&hellip;]<\/p>\n","protected":false},"author":2,"featured_media":3297,"comment_status":"open","ping_status":"open","sticky":false,"template":"","format":"standard","meta":{"advgb_blocks_editor_width":"","advgb_blocks_columns_visual_guide":"","_editorskit_title_hidden":false,"_editorskit_reading_time":0,"_editorskit_typography_data":[],"_editorskit_blocks_typography":"","_editorskit_is_block_options_detached":false,"_editorskit_block_options_position":"{}"},"categories":[61],"tags":[],"tipo":[13],"autor":[253],"author_meta":{"display_name":"ncasado","author_link":"https:\/\/auditor.auditorscensors.com\/es\/author\/ncasado\/"},"featured_img":"https:\/\/auditor.auditorscensors.com\/wp-content\/uploads\/2025\/02\/Igualdad-genero-feb-25.jpg","coauthors":[],"tax_additional":{"categories":{"linked":["<a href=\"https:\/\/auditor.auditorscensors.com\/es\/category\/equitat-de-genere\/\" class=\"advgb-post-tax-term\">Equitat de G\u00e8nere<\/a>"],"unlinked":["<span class=\"advgb-post-tax-term\">Equitat de G\u00e8nere<\/span>"]}},"comment_count":"0","relative_dates":{"created":"Publicado 1 a\u00f1o hace","modified":"Actualizado 1 a\u00f1o hace"},"absolute_dates":{"created":"Publicado el 11 de febrero de 2025","modified":"Actualizado el 11 de febrero de 2025"},"absolute_dates_time":{"created":"Publicado el 11 de febrero de 2025 19:59","modified":"Actualizado el 11 de febrero de 2025 20:00"},"featured_img_caption":"","_links":{"self":[{"href":"https:\/\/auditor.auditorscensors.com\/es\/wp-json\/wp\/v2\/posts\/3322"}],"collection":[{"href":"https:\/\/auditor.auditorscensors.com\/es\/wp-json\/wp\/v2\/posts"}],"about":[{"href":"https:\/\/auditor.auditorscensors.com\/es\/wp-json\/wp\/v2\/types\/post"}],"author":[{"embeddable":true,"href":"https:\/\/auditor.auditorscensors.com\/es\/wp-json\/wp\/v2\/users\/2"}],"replies":[{"embeddable":true,"href":"https:\/\/auditor.auditorscensors.com\/es\/wp-json\/wp\/v2\/comments?post=3322"}],"version-history":[{"count":1,"href":"https:\/\/auditor.auditorscensors.com\/es\/wp-json\/wp\/v2\/posts\/3322\/revisions"}],"predecessor-version":[{"id":3324,"href":"https:\/\/auditor.auditorscensors.com\/es\/wp-json\/wp\/v2\/posts\/3322\/revisions\/3324"}],"wp:featuredmedia":[{"embeddable":true,"href":"https:\/\/auditor.auditorscensors.com\/es\/wp-json\/wp\/v2\/media\/3297"}],"wp:attachment":[{"href":"https:\/\/auditor.auditorscensors.com\/es\/wp-json\/wp\/v2\/media?parent=3322"}],"wp:term":[{"taxonomy":"category","embeddable":true,"href":"https:\/\/auditor.auditorscensors.com\/es\/wp-json\/wp\/v2\/categories?post=3322"},{"taxonomy":"post_tag","embeddable":true,"href":"https:\/\/auditor.auditorscensors.com\/es\/wp-json\/wp\/v2\/tags?post=3322"},{"taxonomy":"tipo","embeddable":true,"href":"https:\/\/auditor.auditorscensors.com\/es\/wp-json\/wp\/v2\/tipo?post=3322"},{"taxonomy":"autor","embeddable":true,"href":"https:\/\/auditor.auditorscensors.com\/es\/wp-json\/wp\/v2\/autor?post=3322"}],"curies":[{"name":"wp","href":"https:\/\/api.w.org\/{rel}","templated":true}]}}