{"id":2867,"date":"2023-10-04T19:28:34","date_gmt":"2023-10-04T17:28:34","guid":{"rendered":"https:\/\/auditor.auditorscensors.com\/?p=2867"},"modified":"2023-10-04T19:30:50","modified_gmt":"2023-10-04T17:30:50","slug":"deu-anys-del-master-dauditoria-i-comptabilitat","status":"publish","type":"post","link":"https:\/\/auditor.auditorscensors.com\/es\/deu-anys-del-master-dauditoria-i-comptabilitat\/","title":{"rendered":"Deu anys del M\u00e0ster d&#8217;Auditoria i Comptabilitat"},"content":{"rendered":"<p class=\"has-background\" style=\"background-color: #f7f7f7;\">Not\u00edcia publicada en la web de la Universitat Abat Oliba CEU el 14 de setembre de 2023<\/p>\r\n<!-- \/wp:paragraph -->\r\n\r\n<!-- wp:paragraph -->\r\n<div>El <strong><a href=\"https:\/\/www.uaoceu.es\/master-universitario-en-auditoria-de-cuentas-y-contabilidad\" target=\"_blank\" rel=\"noopener\">m\u00e0ster universitari en Auditoria de Comptes i Comptabilitat<\/a><\/strong>, que la nostra universitat imparteix conjuntament amb el <strong>Col\u00b7legi de Censors Jurats de Comptes de Catalunya <\/strong>(CCJCC) ha arribat a la desena edici\u00f3. Aquesta setmana ha celebrat l&#8217;acte d&#8217;inauguraci\u00f3 d&#8217;aquest curs tan significatiu.<\/div>\r\n<div>\u00a0<\/div>\r\n<div>En tirar la vista enrere, els promotors del m\u00e0ster, dirigit pel professor Dr. <strong>Ramon Soldevila<\/strong>, t\u00e9 la satisfacci\u00f3 dels prop de quatre-cents especialistes que han format al llarg d&#8217;aquest temps. Satisfacci\u00f3 que es multiplica pel fet de saber que els titulats en aquest m\u00e0ster presenten una taxa d&#8217;ocupabilitat del cent per cent.<\/div>\r\n<div>\u00a0<\/div>\r\n<div>Aquest programa \u00e9s un dels pioners en la mat\u00e8ria en el conjunt d&#8217;Espanya. Inclou un total de mil hores de pr\u00e0ctiques professionals, computables a l&#8217;efecte de la formaci\u00f3 pr\u00e0ctica requerida per a l&#8217;acc\u00e9s a la professi\u00f3 d&#8217;auditor de comptes.<\/div>\r\n<div>\u00a0<\/div>\r\n<div>Addicionalment, una altra de les fortaleses d&#8217;aquest m\u00e0ster, homologat per l&#8217;Institut de Comptabilitat i Auditoria de Comptes, radica en el fet que dispensa de l&#8217;examen te\u00f2ric i eximeix d&#8217;algunes mat\u00e8ries per a l&#8217;acc\u00e9s al Registre Oficial d&#8217;Auditors de Comptes.<\/div>\r\n<div>\u00a0<\/div>\r\n<div>L&#8217;acte d&#8217;obertura del m\u00e0ster ha comptat amb la pres\u00e8ncia del president dels auditors catalans, <strong>Joan Vall<\/strong>, que ha destacat el \u00abcar\u00e0cter especialitzat i, alhora, multidisciplinari\u00bb que defineix aquesta proposta formativa del Col\u00b7legi i la nostra universitat. Trets que posa en relaci\u00f3 amb les \u00abnoves realitats\u00bb al fet que ha de fer front \u00abuna professi\u00f3 auditora de base cada vegada m\u00e9s pluridisciplin\u00e0ria\u00bb a conseq\u00fc\u00e8ncia de dues din\u00e0miques simult\u00e0nies: l'\u00bbadopci\u00f3 d&#8217;eines tecnol\u00f2giques i d&#8217;intel\u00b7lig\u00e8ncia artificial en el mateix desenvolupament de l&#8217;activitat i la creixent import\u00e0ncia de la informaci\u00f3 no financera d&#8217;empreses i organitzacions, i la seva verificaci\u00f3\u00bb. En aquest cas, a prop\u00f2sit de les creixents exig\u00e8ncies legislatives d&#8217;abast europeu vinculades amb la sostenibilitat ambiental i social, ha exposat el president del Col\u00b7legi.<\/div>\r\n<div>\u00a0<\/div>\r\n<div>\r\n<div>\u00a0<\/div>\r\n<div><a class=\"ek-link\" href=\"https:\/\/elpais.com\/economia\/2023-05-03\/los-auditores-advierten-de-que-el-92-del-gasto-de-los-ayuntamientos-no-se-audita.html\"><img decoding=\"async\" loading=\"lazy\" width=\"30\" height=\"34\" class=\"wp-image-1644\" style=\"width: 30px;\" src=\"https:\/\/auditor.auditorscensors.com\/wp-content\/uploads\/2021\/11\/link-icon-e1635853594652.png\" alt=\"\" \/><\/a> \u00a0\u00a0<a class=\"ek-link\" href=\"https:\/\/www.uaoceu.es\/ca\/master-auditoria-deu-anys\" target=\"_blank\" rel=\"noreferrer noopener\" aria-label=\" (opens in a new tab)\">Deu anys del M\u00e0ster d&#8217;Auditoria i Comptabilitat<\/a><\/div>\r\n<\/div>\r\n<div>\u00a0<\/div>","protected":false},"excerpt":{"rendered":"<p>Not\u00edcia publicada en la web de la Universitat Abat Oliba CEU el 14 de setembre de [&hellip;]<\/p>\n","protected":false},"author":2,"featured_media":0,"comment_status":"open","ping_status":"open","sticky":false,"template":"","format":"standard","meta":{"advgb_blocks_editor_width":"","advgb_blocks_columns_visual_guide":"","_editorskit_title_hidden":false,"_editorskit_reading_time":0,"_editorskit_typography_data":[],"_editorskit_blocks_typography":"","_editorskit_is_block_options_detached":false,"_editorskit_block_options_position":"{}"},"categories":[72],"tags":[],"tipo":[14],"autor":[],"author_meta":{"display_name":"ncasado","author_link":"https:\/\/auditor.auditorscensors.com\/es\/author\/ncasado\/"},"featured_img":null,"coauthors":[],"tax_additional":{"categories":{"linked":["<a href=\"https:\/\/auditor.auditorscensors.com\/es\/category\/prensa\/\" class=\"advgb-post-tax-term\">Premsa<\/a>"],"unlinked":["<span class=\"advgb-post-tax-term\">Premsa<\/span>"]}},"comment_count":"0","relative_dates":{"created":"Publicado 3 a\u00f1os hace","modified":"Actualizado 3 a\u00f1os hace"},"absolute_dates":{"created":"Publicado el 4 de octubre de 2023","modified":"Actualizado el 4 de octubre de 2023"},"absolute_dates_time":{"created":"Publicado el 4 de octubre de 2023 19:28","modified":"Actualizado el 4 de octubre de 2023 19:30"},"featured_img_caption":"","_links":{"self":[{"href":"https:\/\/auditor.auditorscensors.com\/es\/wp-json\/wp\/v2\/posts\/2867"}],"collection":[{"href":"https:\/\/auditor.auditorscensors.com\/es\/wp-json\/wp\/v2\/posts"}],"about":[{"href":"https:\/\/auditor.auditorscensors.com\/es\/wp-json\/wp\/v2\/types\/post"}],"author":[{"embeddable":true,"href":"https:\/\/auditor.auditorscensors.com\/es\/wp-json\/wp\/v2\/users\/2"}],"replies":[{"embeddable":true,"href":"https:\/\/auditor.auditorscensors.com\/es\/wp-json\/wp\/v2\/comments?post=2867"}],"version-history":[{"count":4,"href":"https:\/\/auditor.auditorscensors.com\/es\/wp-json\/wp\/v2\/posts\/2867\/revisions"}],"predecessor-version":[{"id":2873,"href":"https:\/\/auditor.auditorscensors.com\/es\/wp-json\/wp\/v2\/posts\/2867\/revisions\/2873"}],"wp:attachment":[{"href":"https:\/\/auditor.auditorscensors.com\/es\/wp-json\/wp\/v2\/media?parent=2867"}],"wp:term":[{"taxonomy":"category","embeddable":true,"href":"https:\/\/auditor.auditorscensors.com\/es\/wp-json\/wp\/v2\/categories?post=2867"},{"taxonomy":"post_tag","embeddable":true,"href":"https:\/\/auditor.auditorscensors.com\/es\/wp-json\/wp\/v2\/tags?post=2867"},{"taxonomy":"tipo","embeddable":true,"href":"https:\/\/auditor.auditorscensors.com\/es\/wp-json\/wp\/v2\/tipo?post=2867"},{"taxonomy":"autor","embeddable":true,"href":"https:\/\/auditor.auditorscensors.com\/es\/wp-json\/wp\/v2\/autor?post=2867"}],"curies":[{"name":"wp","href":"https:\/\/api.w.org\/{rel}","templated":true}]}}