{"id":2858,"date":"2023-07-19T19:04:47","date_gmt":"2023-07-19T17:04:47","guid":{"rendered":"https:\/\/auditor.auditorscensors.com\/?p=2858"},"modified":"2023-10-04T19:28:59","modified_gmt":"2023-10-04T17:28:59","slug":"joan-vall-nuevo-presidente-del-collegi-de-censors-jurats-de-comptes-de-catalunya","status":"publish","type":"post","link":"https:\/\/auditor.auditorscensors.com\/es\/joan-vall-nuevo-presidente-del-collegi-de-censors-jurats-de-comptes-de-catalunya\/","title":{"rendered":"Joan Vall, nuevo presidente del Col\u00b7legi de Censors Jurats de Comptes de Catalunya"},"content":{"rendered":"<p class=\"has-background\" style=\"background-color: #f7f7f7;\">Not\u00edcia publicada en la web del\u00a0ICJCE &#8211; Instituto de Censores Jurados de Cuentas de Espa\u00f1a el 12 de julio de 2023<\/p>\r\n<!-- \/wp:paragraph -->\r\n\r\n<!-- wp:paragraph -->\r\n<h3><strong>Joan Vall: \u201casumo el compromiso de seguir impulsando el papel del Col\u00b7legi en el mercado empresarial y financiero de Catalunya, as\u00ed como la influencia que tambi\u00e9n ejerce en los \u00e1mbitos espa\u00f1ol y europeo. Lo har\u00e9 con una escucha activa al conjunto de colegiadas y colegiados, pero tambi\u00e9n al entorno que nos rodea, a las tendencias que surjan y al conjunto de grupos de inter\u00e9s con los que nos relacionamos\u201d<\/strong><\/h3>\r\n<div>\u00a0<\/div>\r\n<div><strong>El nuevo presidente encabez\u00f3 con el presidente saliente, Antoni G\u00f3mez, una candidatura de continuidad en la \u00faltima renovaci\u00f3n del Consejo de la corporaci\u00f3n profesional<\/strong><\/div>\r\n<div>\u00a0<\/div>\r\n<div>Joan Vall ha tomado posesi\u00f3n como nuevo presidente del Col\u00b7legi de Censors Jurats de Comptes de Catalunya (CCJCC) en sustituci\u00f3n de Antoni G\u00f3mez. Ambos encabezaron la candidatura de continuidad en la \u00faltima renovaci\u00f3n del Consejo de la corporaci\u00f3n profesional, que tuvo lugar en mayo de 2022, y que dio paso al mandato de G\u00f3mez hasta su relevo pactado. Antoni G\u00f3mez ha ejercido la presidencia del Col\u00b7legi desde el mes de abril de 2018, con el propio Joan Vall como vicepresidente desde el mes de mayo del a\u00f1o pasado.<\/div>\r\n<div>\u00a0<\/div>\r\n<div>El nuevo presidente del CCJCC ha expresado que \u201casumo el compromiso de seguir impulsando el papel del Col\u00b7legi en el mercado empresarial y financiero de Catalunya, as\u00ed como la influencia que tambi\u00e9n ejerce en los \u00e1mbitos espa\u00f1ol y europeo. Lo har\u00e9 con una escucha activa al conjunto de colegiadas y colegiados, pero tambi\u00e9n al entorno que nos rodea, a las tendencias que surjan y al conjunto de grupos de inter\u00e9s con los que nos relacionamos\u201d.<\/div>\r\n<div>\u00a0<\/div>\r\n<div>Joan Vall es licenciado en Administraci\u00f3n y Direcci\u00f3n de Empresas (ADE) Ciencias Empresariales por la Universitat Abat Oliba (UAO), Learning to Grow edici\u00f3n VIII por el IESE y profesor colaborador de Contabilidad y Finanzas en la Universitat Ramon Llull. Experto contable acreditado por el Registro de Expertos Contables (REC) y miembro del Registro Oficial de Auditores de Cuentas (ROAC), Joan Vall es socio de la oficina de Barcelona de Grant Thornton.<\/div>\r\n<div>\u00a0<\/div>\r\n<div><strong>Certezas y verificaci\u00f3n <\/strong><\/div>\r\n<div>En un mundo en \u201ctransformaci\u00f3n acelerada y exponencial\u201d, Joan Vall ha reivindicado la profesi\u00f3n de auditor\u00eda de cuentas: \u201cun mundo a toda velocidad necesita verificadores de lo real. Una econom\u00eda globalizada requiere datos fiables, destilados, contrastados y verificados. Una empresa que aspira a tener \u00e9xito en este nuevo contexto sea cual sea su tama\u00f1o, actividad o planes de futuro, va a tener que contar con nuestro colectivo profesional\u201d.<\/div>\r\n<div>\u00a0<\/div>\r\n<div>Tambi\u00e9n ha invocado la excelencia t\u00e9cnica \u2013\u201cestamos inmersos en una realidad generadora de una ingente cantidad de nuevas normas nacionales e internacionales que exigen una correcta interpretaci\u00f3n y aplicaci\u00f3n pr\u00e1cticas\u201d, ha indicado\u2013, el \u201creto y oportunidad\u201d que suponen las nuevas tecnolog\u00edas y los \u201cefectos inciertos\u201d vinculados a una difusi\u00f3n de la Inteligencia Artificial que, en su opini\u00f3n, \u201char\u00e1 que el papel de profesiones como la auditor\u00eda se acreciente\u201d.<\/div>\r\n<div>\u00a0<\/div>\r\n<div><strong>Talento y conciliaci\u00f3n <\/strong><\/div>\r\n<div>El nuevo presidente del Col\u00b7legi de Censors Jurats de Comptes de Catalunya tambi\u00e9n se ha marcado el hito de conseguir \u201cm\u00e1s vocaciones\u201d entre los m\u00e1s j\u00f3venes, en una profesi\u00f3n que \u201cha hecho pasos adelante\u201d en su adaptaci\u00f3n a las demandas de la sociedad en materia de flexibilidad, conciliaci\u00f3n y equidad. \u201cSomos una profesi\u00f3n retadora, atractiva y profundamente necesaria\u201d, ha defendido Joan Vall.<\/div>\r\n<div>\u00a0<\/div>\r\n<div>\u00a0<\/div>\r\n<div><a class=\"ek-link\" href=\"https:\/\/elpais.com\/economia\/2023-05-03\/los-auditores-advierten-de-que-el-92-del-gasto-de-los-ayuntamientos-no-se-audita.html\"><img decoding=\"async\" loading=\"lazy\" width=\"30\" height=\"34\" class=\"wp-image-1644\" style=\"width: 30px;\" src=\"https:\/\/auditor.auditorscensors.com\/wp-content\/uploads\/2021\/11\/link-icon-e1635853594652.png\" alt=\"\" \/><\/a> <a class=\"ek-link\" href=\"https:\/\/www.icjce.es\/joan-vall-nuevo-presidente-collegi-censorsrnjurats-comptes\" target=\"_blank\" rel=\"noreferrer noopener\" aria-label=\" (opens in a new tab)\">Joan Vall, nuevo presidente del Col\u00b7legi de Censors Jurats de Comptes de Catalunya<\/a><\/div>","protected":false},"excerpt":{"rendered":"<p>Not\u00edcia publicada en la web del\u00a0ICJCE &#8211; Instituto de Censores Jurados de Cuentas de Espa\u00f1a el [&hellip;]<\/p>\n","protected":false},"author":2,"featured_media":0,"comment_status":"open","ping_status":"open","sticky":false,"template":"","format":"standard","meta":{"advgb_blocks_editor_width":"","advgb_blocks_columns_visual_guide":"","_editorskit_title_hidden":false,"_editorskit_reading_time":0,"_editorskit_typography_data":[],"_editorskit_blocks_typography":"","_editorskit_is_block_options_detached":false,"_editorskit_block_options_position":"{}"},"categories":[72],"tags":[],"tipo":[14],"autor":[],"author_meta":{"display_name":"ncasado","author_link":"https:\/\/auditor.auditorscensors.com\/es\/author\/ncasado\/"},"featured_img":null,"coauthors":[],"tax_additional":{"categories":{"linked":["<a href=\"https:\/\/auditor.auditorscensors.com\/es\/category\/prensa\/\" class=\"advgb-post-tax-term\">Premsa<\/a>"],"unlinked":["<span class=\"advgb-post-tax-term\">Premsa<\/span>"]}},"comment_count":"0","relative_dates":{"created":"Publicado 3 a\u00f1os hace","modified":"Actualizado 3 a\u00f1os hace"},"absolute_dates":{"created":"Publicado el 19 de julio de 2023","modified":"Actualizado el 4 de octubre de 2023"},"absolute_dates_time":{"created":"Publicado el 19 de julio de 2023 19:04","modified":"Actualizado el 4 de octubre de 2023 19:28"},"featured_img_caption":"","_links":{"self":[{"href":"https:\/\/auditor.auditorscensors.com\/es\/wp-json\/wp\/v2\/posts\/2858"}],"collection":[{"href":"https:\/\/auditor.auditorscensors.com\/es\/wp-json\/wp\/v2\/posts"}],"about":[{"href":"https:\/\/auditor.auditorscensors.com\/es\/wp-json\/wp\/v2\/types\/post"}],"author":[{"embeddable":true,"href":"https:\/\/auditor.auditorscensors.com\/es\/wp-json\/wp\/v2\/users\/2"}],"replies":[{"embeddable":true,"href":"https:\/\/auditor.auditorscensors.com\/es\/wp-json\/wp\/v2\/comments?post=2858"}],"version-history":[{"count":9,"href":"https:\/\/auditor.auditorscensors.com\/es\/wp-json\/wp\/v2\/posts\/2858\/revisions"}],"predecessor-version":[{"id":2871,"href":"https:\/\/auditor.auditorscensors.com\/es\/wp-json\/wp\/v2\/posts\/2858\/revisions\/2871"}],"wp:attachment":[{"href":"https:\/\/auditor.auditorscensors.com\/es\/wp-json\/wp\/v2\/media?parent=2858"}],"wp:term":[{"taxonomy":"category","embeddable":true,"href":"https:\/\/auditor.auditorscensors.com\/es\/wp-json\/wp\/v2\/categories?post=2858"},{"taxonomy":"post_tag","embeddable":true,"href":"https:\/\/auditor.auditorscensors.com\/es\/wp-json\/wp\/v2\/tags?post=2858"},{"taxonomy":"tipo","embeddable":true,"href":"https:\/\/auditor.auditorscensors.com\/es\/wp-json\/wp\/v2\/tipo?post=2858"},{"taxonomy":"autor","embeddable":true,"href":"https:\/\/auditor.auditorscensors.com\/es\/wp-json\/wp\/v2\/autor?post=2858"}],"curies":[{"name":"wp","href":"https:\/\/api.w.org\/{rel}","templated":true}]}}