{"id":2853,"date":"2023-07-19T18:59:46","date_gmt":"2023-07-19T16:59:46","guid":{"rendered":"https:\/\/auditor.auditorscensors.com\/?p=2853"},"modified":"2023-07-19T19:01:33","modified_gmt":"2023-07-19T17:01:33","slug":"anna-garriga-membre-dhonor-del-collegi-de-censors-jurats-de-comptes","status":"publish","type":"post","link":"https:\/\/auditor.auditorscensors.com\/es\/anna-garriga-membre-dhonor-del-collegi-de-censors-jurats-de-comptes\/","title":{"rendered":"Anna Garriga, membre d\u2019honor del Col\u00b7legi de Censors Jurats de Comptes"},"content":{"rendered":"<p class=\"has-background\" style=\"background-color: #f7f7f7;\">Not\u00edcia publicada en la web del diari L&#8217;economic el 10 de juliol<\/p>\r\n<!-- \/wp:paragraph -->\r\n\r\n<!-- wp:paragraph -->\r\n<h3 class=\"subtitol\">La degana de la Facultat de Ci\u00e8ncies Econ\u00f2miques i Empresarials de la UdG ha estat nomenada en el marc del 33\u00e8 F\u00f2rum de l\u2019Auditoria que ha tingut lloc a Sitges<\/h3>\r\n<p>La degana de la Facultat de Ci\u00e8ncies Econ\u00f2miques i Empresarials de la Universitat de Girona (UdG), Anna Garriga, ha estat nomenada Membre d\u2019Honor del Col\u00b7legi de Censors Jurats de Comptes de Catalunya (CCJCC) en el decurs del 33\u00e8 F\u00f2rum de l\u2019Auditoria que ha tingut lloc a Sitges.<\/p>\r\n<p>En un reconeixement realitzat a proposta del Consell Directiu del Col\u00b7legi, el president dels auditors de Catalunya, Antoni G\u00f3mez, ha expressat que \u201cvolem destacar el suport d\u2019Anna Garriga a la import\u00e0ncia de l\u2019auditoria de comptes per tal de millorar la transpar\u00e8ncia de les organitzacions i la confian\u00e7a en les informacions que aquestes divulguen\u201d. Alhora, ha agra\u00eft \u201cel suport a la professi\u00f3\u201d per part de la degana en el comprom\u00eds del col\u00b7lectiu professional amb el \u201cb\u00e9 com\u00fa i la confian\u00e7a davant tercers\u201d.<\/p>\r\n<p>En la seva 33a edici\u00f3 i sota el lema \u2018Preparats per al futur\u2019, el F\u00f2rum de l\u2019Auditoria ha reunit a 1.000 professionals del sector de l\u2019auditoria de comtes de Catalunya, del conjunt d\u2019Espanya i tamb\u00e9 de Fran\u00e7a i It\u00e0lia que, de forma presencial i virtual, han debatut sobre la nova regulaci\u00f3 de la sostenibilitat corporativa; el futur de l\u2019economia internacional; les bones pr\u00e0ctiques en equitat de g\u00e8nere; les oportunitats que representa la reestructuraci\u00f3 en empreses viables en dificultats; els vincles entre empresa i cultura i els efectes de la tecnologia en la professi\u00f3 d\u2019auditoria de comptes, sobretot en all\u00f2 que concerneix la intel\u00b7lig\u00e8ncia artificial.<\/p>\r\n<p>\u00a0 <a class=\"ek-link\" href=\"https:\/\/elpais.com\/economia\/2023-05-03\/los-auditores-advierten-de-que-el-92-del-gasto-de-los-ayuntamientos-no-se-audita.html\"><img decoding=\"async\" loading=\"lazy\" width=\"30\" height=\"34\" class=\"wp-image-1644\" style=\"width: 30px;\" src=\"https:\/\/auditor.auditorscensors.com\/wp-content\/uploads\/2021\/11\/link-icon-e1635853594652.png\" alt=\"\" \/><\/a> <a href=\"https:\/\/www.leconomic.cat\/article\/2311083-anna-garriga-membre-d-honor-del-col-legi-de-censors-jurats-de-comptes.html?app_id=100\">Anna Garriga, membre d\u2019honor del Col\u00b7legi de Censors Jurats de Comptes<\/a> \u00a0<\/p>","protected":false},"excerpt":{"rendered":"<p>Not\u00edcia publicada en la web del diari L&#8217;economic el 10 de juliol La degana de la [&hellip;]<\/p>\n","protected":false},"author":2,"featured_media":0,"comment_status":"open","ping_status":"open","sticky":false,"template":"","format":"standard","meta":{"advgb_blocks_editor_width":"","advgb_blocks_columns_visual_guide":"","_editorskit_title_hidden":false,"_editorskit_reading_time":0,"_editorskit_typography_data":[],"_editorskit_blocks_typography":"","_editorskit_is_block_options_detached":false,"_editorskit_block_options_position":"{}"},"categories":[72],"tags":[],"tipo":[14],"autor":[49],"author_meta":{"display_name":"ncasado","author_link":"https:\/\/auditor.auditorscensors.com\/es\/author\/ncasado\/"},"featured_img":null,"coauthors":[],"tax_additional":{"categories":{"linked":["<a href=\"https:\/\/auditor.auditorscensors.com\/es\/category\/prensa\/\" class=\"advgb-post-tax-term\">Premsa<\/a>"],"unlinked":["<span class=\"advgb-post-tax-term\">Premsa<\/span>"]}},"comment_count":"0","relative_dates":{"created":"Publicado 3 a\u00f1os hace","modified":"Actualizado 3 a\u00f1os hace"},"absolute_dates":{"created":"Publicado el 19 de julio de 2023","modified":"Actualizado el 19 de julio de 2023"},"absolute_dates_time":{"created":"Publicado el 19 de julio de 2023 18:59","modified":"Actualizado el 19 de julio de 2023 19:01"},"featured_img_caption":"","_links":{"self":[{"href":"https:\/\/auditor.auditorscensors.com\/es\/wp-json\/wp\/v2\/posts\/2853"}],"collection":[{"href":"https:\/\/auditor.auditorscensors.com\/es\/wp-json\/wp\/v2\/posts"}],"about":[{"href":"https:\/\/auditor.auditorscensors.com\/es\/wp-json\/wp\/v2\/types\/post"}],"author":[{"embeddable":true,"href":"https:\/\/auditor.auditorscensors.com\/es\/wp-json\/wp\/v2\/users\/2"}],"replies":[{"embeddable":true,"href":"https:\/\/auditor.auditorscensors.com\/es\/wp-json\/wp\/v2\/comments?post=2853"}],"version-history":[{"count":4,"href":"https:\/\/auditor.auditorscensors.com\/es\/wp-json\/wp\/v2\/posts\/2853\/revisions"}],"predecessor-version":[{"id":2857,"href":"https:\/\/auditor.auditorscensors.com\/es\/wp-json\/wp\/v2\/posts\/2853\/revisions\/2857"}],"wp:attachment":[{"href":"https:\/\/auditor.auditorscensors.com\/es\/wp-json\/wp\/v2\/media?parent=2853"}],"wp:term":[{"taxonomy":"category","embeddable":true,"href":"https:\/\/auditor.auditorscensors.com\/es\/wp-json\/wp\/v2\/categories?post=2853"},{"taxonomy":"post_tag","embeddable":true,"href":"https:\/\/auditor.auditorscensors.com\/es\/wp-json\/wp\/v2\/tags?post=2853"},{"taxonomy":"tipo","embeddable":true,"href":"https:\/\/auditor.auditorscensors.com\/es\/wp-json\/wp\/v2\/tipo?post=2853"},{"taxonomy":"autor","embeddable":true,"href":"https:\/\/auditor.auditorscensors.com\/es\/wp-json\/wp\/v2\/autor?post=2853"}],"curies":[{"name":"wp","href":"https:\/\/api.w.org\/{rel}","templated":true}]}}