{"id":3564,"date":"2025-10-02T12:18:32","date_gmt":"2025-10-02T10:18:32","guid":{"rendered":"https:\/\/auditor.auditorscensors.com\/pinceladas-de-vida-2\/"},"modified":"2025-10-02T12:18:32","modified_gmt":"2025-10-02T10:18:32","slug":"pinceladas-de-vida-2","status":"publish","type":"post","link":"https:\/\/auditor.auditorscensors.com\/en\/pinceladas-de-vida-2\/","title":{"rendered":"Pinceladas de vida"},"content":{"rendered":"<p>Acaba de ver la luz el libro de Frederic Borr\u00e0s \u201cPinceladas de vida\u201d, en el que el expresidente del Col\u00b7legi de Censors Jurats de Comptes de Catalunya, que tambi\u00e9n fue durante un largo periodo de tiempo el socio director de KPMG en Catalu\u00f1a, Baleares y Andorra ha narrado experiencias, pensamientos y relatos que ha ido recogiendo a lo largo de su dilatada carrera profesional, pero tambi\u00e9n de su vida personal. <\/p>\n<p>La introducci\u00f3n del libro corre a cargo de la Consellera de Cultura de la Generalitat de Catalunya ( 2019-2020), que dice \u201ceste libro  no es solo un recorrido por los episodios de la vida de Frederic Borr\u00e0s, sino tambi\u00e9n una ventana abierta a su alma, a sus aprendizajes, a sus luchas y a sus triunfos. Borr\u00e0s ha querido dejar escritas sus vivencias a lo largo de los a\u00f1os para pasar testimonio a sus hijos y a sus nietos, de los que se siente beat\u00edficamente orgulloso, para que la memoria no se pierda.<br \/>\nA lo largo de los once cap\u00edtulos en los que ha dividido su libro, desfilan amigos, viajes, gastronom\u00eda, pensares, pesares, alegr\u00edas, cambios, recuerdos profesionales y privados, experiencias, todo lo que Frederic ha buscado en el fondo de su mente y de su coraz\u00f3n para verterlo sobre el papel con la mirada puesta en su familia\u201d.<\/p>\n<p>El pr\u00f3logo del libro corre a cargo del exrector de la Universidad de Barcelona y Catedr\u00e1tico de Econom\u00eda Juan Tugores, quien lo resume diciendo que las \u201cpinceladas de vida que Frederic Borr\u00e0s pone a nuestra disposici\u00f3n evidencian dos dimensiones solo aparentemente contradictorias: por una parte, que es un fino observador y analista de su tiempo, de unas d\u00e9cadas que han cambiado como pocas el mundo, y, por otro lado, que asimismo estamos ante un poli\u00e9drico \u201chombre del renacimiento\u201d en el sentido de una atractiva capacidad para  esbozar bastante m\u00e1s que \u201cpinceladas\u201d \u2013 el subt\u00edtulo \u201cexperiencias, pensamientos y  relatos\u201d ya apunta a una enriquecedora multidimensionalidad &#8211; en los muy diversos \u00e1mbitos que conforman una vida plena. <\/p>\n<p>Nos ayuda a recorrer con \u00e9l los lugares m\u00e1s diversos del planeta, los museos y las pinturas que reflejan el devenir de las realidades e inquietudes humanas, los templos gastron\u00f3micos (unos consagrados, otros m\u00e1s \u00edntimos), los lugares y eventos de relajo, ocio y de cultura m\u00e1s gratificantes, todo ello en paralelo a unas experiencias profesionales de ascendente \u00e9xito y proyecci\u00f3n\u201d.<\/p>\n<p>Hay que recordar que Frederic Borr\u00e0s form\u00f3 parte del Consejo directivo del Col\u00b7legi de Censors Jurats de Comptes de Catalunya en un periodo en el que se alcanzaron importantes hitos para la profesi\u00f3n, como fueron las gestiones y trabajos  que dieron lugar a la Ley de Creaci\u00f3n del Col\u00b7legi aprobada por unanimidad por el Parlament de Catalunya en el a\u00f1o 1995, la construcci\u00f3n del edificio que es la sede social del Col\u00b7legi , la organizaci\u00f3n del primer master en auditoria en colaboraci\u00f3n con la universidad que convalidaba el examen te\u00f3rico de acceso al ROAC, y la importante aportaci\u00f3n que para la financiaci\u00f3n del Col\u00b7legi y sus actividades  signific\u00f3 la implantaci\u00f3n del sello colegial en los informes de auditor\u00eda.<\/p>\n<p><img decoding=\"async\" loading=\"lazy\" src=\"https:\/\/auditor.auditorscensors.com\/wp-content\/uploads\/2025\/10\/libro-pinceladas-de-vida-interior.png\" alt=\"\" width=\"1120\" height=\"840\" class=\"alignnone size-full wp-image-3557\" \/><\/p>\n","protected":false},"excerpt":{"rendered":"<p>Acaba de ver la luz el libro de Frederic Borr\u00e0s \u201cPinceladas de vida\u201d, en el que [&hellip;]<\/p>\n","protected":false},"author":2,"featured_media":3551,"comment_status":"open","ping_status":"open","sticky":false,"template":"","format":"standard","meta":{"advgb_blocks_editor_width":"","advgb_blocks_columns_visual_guide":"","_editorskit_title_hidden":false,"_editorskit_reading_time":0,"_editorskit_typography_data":[],"_editorskit_blocks_typography":"","_editorskit_is_block_options_detached":false,"_editorskit_block_options_position":"{}"},"categories":[273],"tags":[],"tipo":[133],"autor":[272],"author_meta":{"display_name":"ncasado","author_link":"https:\/\/auditor.auditorscensors.com\/en\/author\/ncasado\/"},"featured_img":"https:\/\/auditor.auditorscensors.com\/wp-content\/uploads\/2025\/10\/libro-pinceladas-de-vida.jpg","coauthors":[],"tax_additional":{"categories":{"linked":["<a href=\"https:\/\/auditor.auditorscensors.com\/en\/category\/article-en\/\" class=\"advgb-post-tax-term\">Article<\/a>"],"unlinked":["<span class=\"advgb-post-tax-term\">Article<\/span>"]}},"comment_count":"0","relative_dates":{"created":"Posted 7 months ago","modified":"Updated 7 months ago"},"absolute_dates":{"created":"Posted on 2 de October de 2025","modified":"Updated on 2 de October de 2025"},"absolute_dates_time":{"created":"Posted on 2 de October de 2025 12:18","modified":"Updated on 2 de October de 2025 12:18"},"featured_img_caption":"","_links":{"self":[{"href":"https:\/\/auditor.auditorscensors.com\/en\/wp-json\/wp\/v2\/posts\/3564"}],"collection":[{"href":"https:\/\/auditor.auditorscensors.com\/en\/wp-json\/wp\/v2\/posts"}],"about":[{"href":"https:\/\/auditor.auditorscensors.com\/en\/wp-json\/wp\/v2\/types\/post"}],"author":[{"embeddable":true,"href":"https:\/\/auditor.auditorscensors.com\/en\/wp-json\/wp\/v2\/users\/2"}],"replies":[{"embeddable":true,"href":"https:\/\/auditor.auditorscensors.com\/en\/wp-json\/wp\/v2\/comments?post=3564"}],"version-history":[{"count":0,"href":"https:\/\/auditor.auditorscensors.com\/en\/wp-json\/wp\/v2\/posts\/3564\/revisions"}],"wp:featuredmedia":[{"embeddable":true,"href":"https:\/\/auditor.auditorscensors.com\/en\/wp-json\/wp\/v2\/media\/3551"}],"wp:attachment":[{"href":"https:\/\/auditor.auditorscensors.com\/en\/wp-json\/wp\/v2\/media?parent=3564"}],"wp:term":[{"taxonomy":"category","embeddable":true,"href":"https:\/\/auditor.auditorscensors.com\/en\/wp-json\/wp\/v2\/categories?post=3564"},{"taxonomy":"post_tag","embeddable":true,"href":"https:\/\/auditor.auditorscensors.com\/en\/wp-json\/wp\/v2\/tags?post=3564"},{"taxonomy":"tipo","embeddable":true,"href":"https:\/\/auditor.auditorscensors.com\/en\/wp-json\/wp\/v2\/tipo?post=3564"},{"taxonomy":"autor","embeddable":true,"href":"https:\/\/auditor.auditorscensors.com\/en\/wp-json\/wp\/v2\/autor?post=3564"}],"curies":[{"name":"wp","href":"https:\/\/api.w.org\/{rel}","templated":true}]}}