{"id":3385,"date":"2025-04-09T09:23:52","date_gmt":"2025-04-09T07:23:52","guid":{"rendered":"https:\/\/auditor.auditorscensors.com\/el-sentido-economico-de-la-equidad\/"},"modified":"2025-04-09T09:53:56","modified_gmt":"2025-04-09T07:53:56","slug":"el-sentido-economico-de-la-equidad","status":"publish","type":"post","link":"https:\/\/auditor.auditorscensors.com\/en\/el-sentido-economico-de-la-equidad\/","title":{"rendered":"El sentido econ\u00f3mico de la equidad"},"content":{"rendered":"<p style=\"font-weight: 400;\">Hace dos a\u00f1os me propusieron formar parte de la Comisi\u00f3n para la equidad de g\u00e9nero del ICJCC. Me motiv\u00f3 mucho poder formar parte de esta iniciativa.<\/p>\n<p style=\"font-weight: 400;\">El ICJCE\u00a0(Instituto de Censores Jurados de Cuentas de Espa\u00f1a)\u00a0ha publicado una Gu\u00eda de buenas pr\u00e1cticas para promover la equidad de g\u00e9nero en las firmas de auditor\u00eda, como resultado de la identificaci\u00f3n de buenas pr\u00e1cticas en las distintas firmas. Soy una firme convencida de aprender unos de otros y, con ello, hacer pasos adelante.<\/p>\n<p style=\"font-weight: 400;\">Pero \u00bfpor qu\u00e9? \u00bfcu\u00e1l es el motivo que nos mueve a querer impulsar pol\u00edticas de equidad en la sociedad, en nuestra profesi\u00f3n, en la educaci\u00f3n? \u00bfes s\u00f3lo porque es una cuesti\u00f3n de justicia, de equidad?<\/p>\n<p style=\"font-weight: 400;\">Estamos observando una evoluci\u00f3n positiva en la presencia de mujeres en puestos directivos en nuestra sociedad. Aunque el cambio sea lento, es positivo, y debemos reconocerlo.<\/p>\n<p style=\"font-weight: 400;\">La firma a la que pertenezco, PwC, es tambi\u00e9n una firme promotora de la equidad, y por ello participa en\u00a0<em>Closingap<\/em>, una asociaci\u00f3n donde, juntamente con otros grupos empresariales, se realizan estudios sobre equidad. Entre ellos, se realiza la publicaci\u00f3n del \u00cdndice <em>Closingap<\/em>, que mide el impacto econ\u00f3mico de la brecha de g\u00e9nero en Espa\u00f1a y su evoluci\u00f3n.<\/p>\n<p style=\"font-weight: 400;\">El \u00faltimo \u00edndice\u00a0<em>Closingap<\/em>\u00a0publicado nos da un mensaje positivo, aunque tambi\u00e9n nos deja ver el reto que tenemos por delante: Espa\u00f1a ha reducido la brecha de g\u00e9nero en el periodo\u00a02015-2023 en un 4,8%, aunque a ese ritmo\u00a0tardar\u00edamos 39 a\u00f1os en alcanzar la paridad de g\u00e9nero. El \u00edndice tambi\u00e9n calcula el impacto de la brecha de g\u00e9nero en la econom\u00eda, indicando que el coste de oportunidad de cerrar la brecha de g\u00e9nero equivale a un incremento del 15,8% del PIB espa\u00f1ol. Dato importante para reflexionar.<\/p>\n<p style=\"font-weight: 400;\">Entonces, la equidad no es solo una cuesti\u00f3n \u00e9tica, que lo es, sino tambi\u00e9n una oportunidad para utilizar de la forma m\u00e1s eficiente las capacidades y el talento de nuestra poblaci\u00f3n, para conseguir con ello maximizar la utilidad para todos. \u00bfC\u00f3mo podemos renunciar a ello? Tenemos una oportunidad irrenunciable de mejora econ\u00f3mica para la que merece la pena que todos trabajemos conjuntamente. \u00bfLo hacemos?<\/p>\n<p style=\"font-weight: 400;\">Os hago una propuesta: dejemos atr\u00e1s nuestros sesgos inconscientes, nuestras realidades aprendidas y conocidas, y pensemos todos en maximizar la utilidad para la sociedad. De este modo, no solo seremos m\u00e1s eficientes, sino tambi\u00e9n tremendamente m\u00e1s justos. \u00bfNos ponemos a ello?<\/p>\n","protected":false},"excerpt":{"rendered":"<p>Hace dos a\u00f1os me propusieron formar parte de la Comisi\u00f3n para la equidad de g\u00e9nero del [&hellip;]<\/p>\n","protected":false},"author":2,"featured_media":3374,"comment_status":"open","ping_status":"open","sticky":false,"template":"","format":"standard","meta":{"advgb_blocks_editor_width":"","advgb_blocks_columns_visual_guide":"","_editorskit_title_hidden":false,"_editorskit_reading_time":0,"_editorskit_typography_data":[],"_editorskit_blocks_typography":"","_editorskit_is_block_options_detached":false,"_editorskit_block_options_position":"{}"},"categories":[109],"tags":[],"tipo":[133],"autor":[264],"author_meta":{"display_name":"ncasado","author_link":"https:\/\/auditor.auditorscensors.com\/en\/author\/ncasado\/"},"featured_img":"https:\/\/auditor.auditorscensors.com\/wp-content\/uploads\/2025\/04\/EQUIDAD-ECONOMICA.jpg","coauthors":[],"tax_additional":{"categories":{"linked":["<a href=\"https:\/\/auditor.auditorscensors.com\/en\/category\/gender-equity\/\" class=\"advgb-post-tax-term\">Gender Equity<\/a>"],"unlinked":["<span class=\"advgb-post-tax-term\">Gender Equity<\/span>"]}},"comment_count":"0","relative_dates":{"created":"Posted 1 year ago","modified":"Updated 1 year ago"},"absolute_dates":{"created":"Posted on 9 de April de 2025","modified":"Updated on 9 de April de 2025"},"absolute_dates_time":{"created":"Posted on 9 de April de 2025 9:23","modified":"Updated on 9 de April de 2025 9:53"},"featured_img_caption":"","_links":{"self":[{"href":"https:\/\/auditor.auditorscensors.com\/en\/wp-json\/wp\/v2\/posts\/3385"}],"collection":[{"href":"https:\/\/auditor.auditorscensors.com\/en\/wp-json\/wp\/v2\/posts"}],"about":[{"href":"https:\/\/auditor.auditorscensors.com\/en\/wp-json\/wp\/v2\/types\/post"}],"author":[{"embeddable":true,"href":"https:\/\/auditor.auditorscensors.com\/en\/wp-json\/wp\/v2\/users\/2"}],"replies":[{"embeddable":true,"href":"https:\/\/auditor.auditorscensors.com\/en\/wp-json\/wp\/v2\/comments?post=3385"}],"version-history":[{"count":1,"href":"https:\/\/auditor.auditorscensors.com\/en\/wp-json\/wp\/v2\/posts\/3385\/revisions"}],"predecessor-version":[{"id":3388,"href":"https:\/\/auditor.auditorscensors.com\/en\/wp-json\/wp\/v2\/posts\/3385\/revisions\/3388"}],"wp:featuredmedia":[{"embeddable":true,"href":"https:\/\/auditor.auditorscensors.com\/en\/wp-json\/wp\/v2\/media\/3374"}],"wp:attachment":[{"href":"https:\/\/auditor.auditorscensors.com\/en\/wp-json\/wp\/v2\/media?parent=3385"}],"wp:term":[{"taxonomy":"category","embeddable":true,"href":"https:\/\/auditor.auditorscensors.com\/en\/wp-json\/wp\/v2\/categories?post=3385"},{"taxonomy":"post_tag","embeddable":true,"href":"https:\/\/auditor.auditorscensors.com\/en\/wp-json\/wp\/v2\/tags?post=3385"},{"taxonomy":"tipo","embeddable":true,"href":"https:\/\/auditor.auditorscensors.com\/en\/wp-json\/wp\/v2\/tipo?post=3385"},{"taxonomy":"autor","embeddable":true,"href":"https:\/\/auditor.auditorscensors.com\/en\/wp-json\/wp\/v2\/autor?post=3385"}],"curies":[{"name":"wp","href":"https:\/\/api.w.org\/{rel}","templated":true}]}}